{"id":10772,"date":"2023-10-09T20:27:11","date_gmt":"2023-10-09T20:27:11","guid":{"rendered":"https:\/\/www.made4men.se\/g\/?p=10772"},"modified":"2026-02-09T14:18:22","modified_gmt":"2026-02-09T14:18:22","slug":"sa-har-far-du-din-parfym-att-halla-hela-dagen","status":"publish","type":"post","link":"https:\/\/www.made4men.se\/g\/sa-har-far-du-din-parfym-att-halla-hela-dagen.html","title":{"rendered":"S\u00e5 h\u00e4r f\u00e5r du din parfym att h\u00e5lla hela dagen"},"content":{"rendered":"\n<p><strong>K\u00e4nner du det, att du har anv\u00e4nt otaliga sprayar av din parfym, eftersom den ska h\u00e5lla hela dagen, men doften \u00e4r redan borta till middagen? Du \u00e4r tr\u00f6tt p\u00e5 det, eftersom du vill vara v\u00e4ldoftande hela dagen. Du k\u00e4nner att du k\u00f6per en ny parfym hela tiden, eftersom din parfym snabbt tar slut. Det kan vi hj\u00e4lpa dig med!<\/strong><strong>\n<\/strong><\/p>\n\n\n\n<p><strong>Det \u00e4r frustrerande n\u00e4r man investerar pengar i en parfym och anv\u00e4nder s\u00e5 mycket under dagen, och den h\u00e5ller inte &#8211; varken doften eller livsl\u00e4ngden.<br> D\u00e4rf\u00f6r ger vi dig h\u00e4r 4 tips om hur du f\u00e5r mest m\u00f6jligt ut av din parfym s\u00e5 att den h\u00e5ller hela dagen utan att du beh\u00f6ver anv\u00e4nda otaliga sprayar. <\/strong><\/p>\n\n\n\n<div id=\"toc_container\" class=\"no_bullets\"><p class=\"toc_title\">Contents<\/p><ul class=\"toc_list\"><li><\/li><li><ul><li><\/li><\/ul><\/li><li><\/li><li><ul><li><\/li><li><\/li><li><\/li><li><\/li><\/ul><\/li><\/ul><\/div>\n<h2 class=\"wp-block-heading\"><span id=\"Parfymer_ar_unika_pa_olika_satt\">Parfymer \u00e4r unika p\u00e5 olika s\u00e4tt<\/span><\/h2>\n\n\n\n<p>Parfym kan inneh\u00e5lla otaliga enskilda \u00e4mnen. Varje enskild ingrediens spelar en viktig roll i parfymen. Den kan skapa sk\u00e4rpa, friskhet eller ge parfymen en kraftfull doft. Faktum \u00e4r att en parfym best\u00e5r av mellan 10 och 300 enskilda \u00e4mnen. D\u00e4rf\u00f6r kan det finnas m\u00e5nga doftsp\u00e5r i parfymerna, eftersom vissa inneh\u00e5ller otroligt m\u00e5nga \u00e4mnen. Alla de olika doftnoterna g\u00f6r varje enskild parfym otroligt unik &#8211; det finns inte tv\u00e5 likadana dofter. <\/p>\n\n\n\n<p>Med s\u00e5 m\u00e5nga m\u00f6jligheter i parfymen kan man p\u00e5 s\u00e5 s\u00e4tt f\u00e5 otaliga <a href=\"https:\/\/www.made4men.se\/dofter\/alle-parfymer\/\">olika parfymer<\/a> och p\u00e5 s\u00e5 s\u00e4tt s\u00e4rskilja m\u00e5nga dofter fr\u00e5n varandra. <\/p>\n\n\n\n<h2 class=\"wp-block-heading\"><span id=\"Eau_De_Parfum_Toilette_Cologne_8211_vad_ska_du_valja\">Eau De Parfum, Toilette, Cologne &#8211; vad ska du v\u00e4lja?<\/span><\/h2>\n\n\n\n<p>Det finns m\u00e5nga olika typer av parfymer. De mest k\u00e4nda \u00e4r; Eau De Parfum, Eau De Toilette, Eau De Cologne. Dessutom kan en after-shave ocks\u00e5 anv\u00e4ndas som parfym, eftersom m\u00e5nga av dem inneh\u00e5ller parfym &#8211; dock \u00e4r de inte starka i doften, s\u00e5 den kan kanske f\u00f6rsvinna under dagen.<br>\nF\u00f6r att du ska kunna f\u00e5 det mest optimala ut av ett parfymink\u00f6p \u00e4r det viktigt att du vet vilken parfym du \u00e4r ute efter. Vi kommer nu att guida dig genom de mest k\u00e4nda typerna s\u00e5 att du hittar parfymen som passar dig. <\/p>\n\n\n\n<ul>\n<li><b><a href=\"https:\/\/www.made4men.se\/dofter\/eau-de-cologne\/\">Eau De Cologne<\/a><\/b> \u00e4r den minst koncentrerade parfymen. Denna parfym har en koncentration p\u00e5 2-4% &#8211; det vill s\u00e4ga att parfymen inte \u00e4r s\u00e4rskilt stark i doften, och d\u00e4rf\u00f6r kommer den f\u00f6rmodligen inte att h\u00e5lla hela dagen i doften. Eau De Cologne har generellt en h\u00e5llbarhet p\u00e5 upp till 2 timmar.<\/li>\n\n\n\n<li><b><a href=\"https:\/\/www.made4men.se\/dofter\/eau-de-toilette\/\">Eau De Toilette<\/a><\/b> \u00e4r n\u00e5got mer koncentrerad i doften &#8211; men l\u00e5ngt ifr\u00e5n stark. Eau De Toilette har en koncentration p\u00e5 5-15%. Du kan m\u00e4rka att en Eau De Toilette inte kan h\u00e5lla hela dagen i doften, eftersom den inte \u00e4r s\u00e5 koncentrerad, men du kan ha en doft i upp till 2-3 timmar.<\/li>\n\n\n\n<li><b><a href=\"https:\/\/www.made4men.se\/dofter\/eau-de-parfume\/\">Eau De Parfum<\/a><\/b> \u00e4r den starkaste och mest koncentrerade. Dessa parfymer har en koncentration p\u00e5 15-20%, och d\u00e4rf\u00f6r en h\u00e5llbarhet p\u00e5 upp till 4-5 timmar. Om du anv\u00e4nder parfymen p\u00e5 r\u00e4tt s\u00e4tt kommer du kunna spara p\u00e5 parfymen och k\u00e4nna doften hela dagen.<\/li>\n<\/ul>\n\n\n\n<p><b>Dofterna kommer alltid att vara olika<\/b><br> Det kan vara olika fr\u00e5n person till person hur l\u00e4nge dofterna h\u00e5ller. Parfymerna kan lukta olika fr\u00e5n person till person, och det kan finnas olika h\u00e5llbarheter beroende p\u00e5 hur ens hud tar emot doften. \u00c4ven om dofterna har olika koncentrationer kan du fortfarande f\u00e5 din parfym att h\u00e5lla b\u00e4ttre om du f\u00f6ljer de tips vi ger nedan. <\/p>\n\n\n\n<span class=\"clerk\" data-template=\"@blog-product-slider\" data-filter=\"id = ['5743c6c1bbff4ed8af25ab7d83dc496b', '55247303a32b43f3882fbc9d293674cb', 'f84f0fbd4bed4175941a6b6285f83f58', 'def25b1096724690b6a6343fc0945b19', 'f4aa59ffabed4d62b53e669ae34c49e2', '2bd824b101af4efcbbe728267ba66742', 'd3f49c36140b4d188c01e57b6f5e153a', '1c97a31897234c0b961e1b19749efe98', '3339c87cb53447dc82f3111d39439dcf', 'fe6c6990812f4512931379fa3855eae4', '488f1a5333d84e9b8be9f14d31c33fc9']\" data-after-render=\"_clerk_after_load_event\"><\/span>\n\n\n\n<h3 class=\"wp-block-heading\"><span id=\"Vilken_not_haller_langst_i_parfymen\">Vilken not h\u00e5ller l\u00e4ngst i parfymen?<\/span><\/h3>\n\n\n\n<p>Det \u00e4r faktiskt viktigt och en mycket bra id\u00e9 att prova din parfym innan du k\u00f6per den. Det g\u00f6r att parfymen kan sitta och utvecklas p\u00e5 din hud. Den kommer alltid att utvecklas olika fr\u00e5n person till person. Dessutom \u00e4ndras parfymen redan n\u00e5gra minuter efter att den applicerats. D\u00e4rf\u00f6r rekommenderar vi att du testar en parfym och f\u00f6rs\u00f6ker b\u00e4ra den resten av dagen innan du k\u00f6per den &#8211; f\u00f6r att hitta den helt r\u00e4tta parfymen.<\/p>\n\n\n\n<p><b>Toppnoterna f\u00f6rsvinner snabbt<\/b><br>\nToppnoten \u00e4r den doft som f\u00f6rsvinner snabbast eftersom molekylerna \u00e4r mycket sm\u00e5. Toppnoten kan bara k\u00e4nnas i n\u00e5gra minuter, och sedan f\u00f6rsvinner doften. D\u00e4rf\u00f6r \u00e4r det viktigt att du inte bara tar parfymen efter din f\u00f6rsta intryck &#8211; det kommer att lura dig, eftersom din doft inte kommer att lukta s\u00e5! <\/p>\n\n\n\n<p><b>Mellannoterna h\u00e5ller l\u00e4ngre<\/b><br>\nMellannoterna utvecklas inom 10-15 minuter, s\u00e5 du kan f\u00f6rst f\u00e5 r\u00e4tt doft efter en stund. Mellannoterna kommer att vara m\u00e4rkbara l\u00e4ngre \u00e4n toppnoterna. <\/p>\n\n\n\n<p><b>Basnoterna h\u00e5ller l\u00e4ngst<\/b><br>\nDet du b\u00f6r v\u00e4lja din parfym utifr\u00e5n \u00e4r basnoterna. Det \u00e4r dem du kommer att k\u00e4nna hela dagen &#8211; eftersom doften fr\u00e5n basnoterna sitter kvar hela dagen. <\/p>\n\n\n\n<p>Detta lurar alltid, och ibland kommer du hem med k\u00e4nslan av att det inte \u00e4r den parfym du k\u00f6pte. Det \u00e4r helt enkelt d\u00e4rf\u00f6r att doften utvecklas \u00f6ver tid.<\/p>\n\n\n\n<h2 class=\"wp-block-heading\"><span id=\"4_tips_om_hur_din_parfym_haller_langre\">4 tips om hur din parfym h\u00e5ller l\u00e4ngre<\/span><\/h2>\n\n\n\n<p>Vi ger dig h\u00e4r 4 tips om hur din parfym beh\u00e5ller sin doft hela dagen!<\/p>\n\n\n\n<ul>\n<li><b>Dina pulsomr\u00e5den aktiverar doften<\/b><br>Applicera parfymen p\u00e5 pulsomr\u00e5den &#8211; det vill s\u00e4ga bakom \u00f6rat, handleden eller halsen, eftersom det \u00e4r kroppsv\u00e4rmen som aktiverar parfymen.<\/li>\n\n\n\n<li><b>Sluta gnugga<\/b><br>Sluta gnugga &#8211; du ska <b>inte<\/b> gnugga in parfymen p\u00e5 handlederna, eftersom det kommer att f\u00f6rst\u00f6ra molekylerna och d\u00e4rmed doften. Ha t\u00e5lamod &#8211; handlederna kommer att torka &#8211; och du kommer att uppn\u00e5 att parfymen doftar som den ska och dessutom h\u00e5ller l\u00e4ngre p\u00e5 huden.<\/li>\n\n\n\n<li><b>Fuktig hud fr\u00e4mjar doften<\/b><br>Fukt &#8211; doften h\u00e5ller l\u00e4ngre om huden \u00e4r fuktig, eftersom doften kan f\u00e4sta b\u00e4ttre p\u00e5 huden &#8211; s\u00e5 om du \u00e4r torr rekommenderar vi att du applicerar n\u00e5got fukt innan du sprutar parfymen. Om den parfym du har blivit f\u00f6r\u00e4lskad i har tillh\u00f6rande duschgel eller <a href=\"https:\/\/www.made4men.se\/kroppsvaard\/bodylotion\/\">bodylotion<\/a>, kommer dessa produkter att ge en extra boost, eftersom doften har &#8221;n\u00e5got att f\u00e4sta p\u00e5&#8221;.<\/li>\n\n\n\n<li><b>Parfym efter en dusch<\/b><br>Efter duschen &#8211; eftersom huden \u00e4r helt ren fr\u00e5n andra dofter och doften sitter b\u00e4ttre, men inte heller blandas med gamla eller andra dofter<\/li>\n<\/ul>\n\n\n\n<p>Om du f\u00f6ljer ovanst\u00e5ende tips kommer din parfym (Eau De Parfum eller Eau De Toilette) att h\u00e5lla hela dagen! Det inneb\u00e4r att du sparar p\u00e5 din parfym, s\u00e5 att du inte anv\u00e4nder mer \u00e4n n\u00f6dv\u00e4ndigt eller flera g\u00e5nger om dagen &#8211; din parfym har en l\u00e4ngre livsl\u00e4ngd.<\/p>\n\n\n\n<div class=\"productdisplay-green\"><a href=\"https:\/\/www.made4men.se\/g\/topp-5-parfymer-for-mann.html\" target=\"_blank\" rel=\"noopener noreferrer\">Se v\u00e5ra topp 10 parfymer f\u00f6r m\u00e4n h\u00e4r!<\/a><\/div>\n\n\n\n<p><b>Hur h\u00e5ller du din parfym b\u00e4st?<\/b><br>Din parfym har naturligtvis en b\u00e4st-f\u00f6re-datum, eftersom den kan bli sk\u00e4md om den st\u00e5r f\u00f6r l\u00e4nge. Du kommer snabbt att k\u00e4nna om parfymen \u00e4r sk\u00e4md.<\/p>\n\n\n\n<p>Dessutom kan parfymen bli d\u00e5lig om den f\u00f6rvaras p\u00e5 varma eller fuktiga platser. S\u00e5 h\u00e5ll parfymerna borta fr\u00e5n badrummet! Parfymer m\u00e5r generellt bra av att st\u00e5 p\u00e5 en torr och sval plats &#8211; och sj\u00e4lvklart borta fr\u00e5n solen. <\/p>\n\n\n\n<h2 class=\"wp-block-heading\"><span id=\"Exklusiva_parfymer_fran_Parfums_De_Marly\">Exklusiva parfymer fr\u00e5n Parfums De Marly<\/span><\/h2>\n\n\n\n<p>Vi har samlat n\u00e5gra av de mest l\u00e5ngvariga och exklusiva parfymerna fr\u00e5n Parfums De Marly \u2013 dofter d\u00e4r ett enda spray r\u00e4cker f\u00f6r att du fortfarande ska k\u00e4nna parfymen sent p\u00e5 kv\u00e4llen. Det l\u00e5ter n\u00e4stan f\u00f6r bra f\u00f6r att vara sant, men med dessa parfymer \u00e4r det faktiskt verklighet.<\/p>\n\n\n\n<p>Parfymerna fr\u00e5n Parfums De Marly \u00e4r <b>extremt<\/b> koncentrerade och uppbyggda av kraftfulla och sofistikerade doftnoter. Applicerar du f\u00f6r mycket riskerar du ist\u00e4llet att \u00f6verr\u00f6sta doftens nyanser och minska den eleganta upplevelse som parfymen \u00e4r skapad f\u00f6r att ge. Samtidigt r\u00e4cker flaskan betydligt l\u00e4ngre n\u00e4r du endast anv\u00e4nder ett spray \u00e5t g\u00e5ngen.<\/p>\n\n\n\n<h3 class=\"wp-block-heading\"><span id=\"Parfums_De_Marly-parfymer\">Parfums De Marly-parfymer<\/span><\/h3>\n\n\n\n<p>Parfums De Marly \u00e4r ett exklusivt nischvarum\u00e4rke som v\u00e4nder sig till mannen som vill signalera sj\u00e4lvf\u00f6rtroende, styrka och en lyxig livsstil. Varum\u00e4rket \u00e4r inspirerat av det franska hovet p\u00e5 1700-talet, vilket tydligt \u00e5terspeglas i b\u00e5de doftkompositionerna och den eleganta designen.<\/p>\n\n\n\n<p>Parfymerna \u00e4r k\u00e4nda f\u00f6r sin h\u00f6ga koncentration och anv\u00e4ndning av raffinerade ingredienser som vanilj, tobak, ambra, sandeltr\u00e4, kryddor och m\u00f6rka tr\u00e4slag. Just denna sammans\u00e4ttning g\u00f6r att dofterna utvecklas vackert p\u00e5 huden och h\u00e5ller fr\u00e5n morgon till kv\u00e4ll \u2013 ofta \u00e4nnu l\u00e4ngre.<\/p>\n\n\n\n<h3 class=\"wp-block-heading\"><span id=\"Parfums_De_Marly_Layton_EDP\">Parfums De Marly Layton EDP<\/span><\/h3>\n\n\n\n<p>Layton \u00e4r en av Parfums De Marlys absolut mest popul\u00e4ra dofter \u2013 och det med god anledning. Den kombinerar friska toppnoter av bergamott och \u00e4pple med ett varmt och kryddigt hj\u00e4rta av vanilj, peppar och lavendel. I basnoterna hittar du tr\u00e4iga och l\u00e4tt s\u00f6ta nyanser som ger parfymen dess karakt\u00e4ristiska djup.<\/p>\n<p>Doften \u00e4r kraftfull men samtidigt mycket v\u00e4lbalanserad, vilket g\u00f6r Layton l\u00e4mplig b\u00e5de till vardag och kv\u00e4llsbruk. Den h\u00f6ga koncentrationen inneb\u00e4r att ett enda spray r\u00e4cker f\u00f6r att h\u00e5lla doften levande hela dagen.<\/p>\n<p>S\u00f6ker du en sofistikerad, maskulin och l\u00e5ngvarig parfym som utstr\u00e5lar stil och \u00f6verskott \u00e4r Layton ett s\u00e4kert val.<\/p><\/p>\n\n\n\n<a href=\"https:\/\/www.made4men.se\/parfums-de-marly-layton-man-edp-125-ml\" target=\"_blank\" class=\"product-link\" style=\"display: flex; gap: 16px; align-items: center; text-decoration: none; color: inherit;\" rel=\"noopener\"> \n  <img decoding=\"async\" src=\"https:\/\/cdn.made4men.dk\/cdn-cgi\/image\/width%3D400%2Cformat%3Dauto\/public\/media\/0a\/45\/1b\/1716717847\/parfums-de-marly-layton-125.png\" alt=\"Parfums De Marly Layton Man EDP (125 ml)\" style=\"max-width: 170px; height: auto;\"> \n  <div> \n    <div style=\"font-weight: bold;\">Parfums De Marly Layton Man EDP (125 ml)\n\n\n<\/div> \n    <div style=\"background-color: #FF9000; color: white; padding: 8px 16px; display: inline-block; margin-top: 8px;\">K\u00f6p h\u00e4r<\/div> \n  <\/div> \n<\/a>\n<br>\n\n\n\n<h3 class=\"wp-block-heading\"><span id=\"Parfums_De_Marly_Kalan\">Parfums De Marly Kalan<\/span><\/h3>\n\n\n\n<p>Kalan \u00e4r en maskulin och modern parfym som \u00e4r b\u00e5de kraftfull och elegant \u2013 ett perfekt val f\u00f6r dig som vill ha en djup, tr\u00e4ig doft med karakt\u00e4r. Kombinationen av orientaliska och kryddiga noter tillsammans med en frisk touch av blodapelsin ger parfymen en intensiv men raffinerad profil, som passar lika bra till vardag som till kv\u00e4ll.\n<br><\/br>\nDoften har en h\u00f6g koncentration och utvecklas vackert p\u00e5 huden under dagen, vilket inneb\u00e4r att du endast beh\u00f6ver anv\u00e4nda en liten m\u00e4ngd f\u00f6r maximal effekt. Ett enda spray r\u00e4cker ofta f\u00f6r att b\u00e4ra doften hela dagen utan att den blir f\u00f6r p\u00e5tr\u00e4ngande.<\/p>\n\n\n\n<a href=\"https:\/\/www.made4men.se\/parfums-de-marly-kalan-125-ml\" target=\"_blank\" class=\"product-link\" style=\"display: flex; gap: 16px; align-items: center; text-decoration: none; color: inherit;\" rel=\"noopener\"> \n  <img decoding=\"async\" src=\"https:\/\/cdn.made4men.dk\/cdn-cgi\/image\/width%3D400%2Cformat%3Dauto\/public\/media\/aa\/18\/6c\/1757742519\/63770_p.png\" alt=\"Parfums De Marly Kalan (125 ml)\" style=\"max-width: 170px; height: auto;\"> \n  <div> \n    <div style=\"font-weight: bold;\">Parfums De Marly Kalan (125 ml)\n\n\n<\/div> \n    <div style=\"background-color: #FF9000; color: white; padding: 8px 16px; display: inline-block; margin-top: 8px;\">K\u00f6p h\u00e4r<\/div> \n  <\/div> \n<\/a>\n<br>\n\n\n\n<h3 class=\"wp-block-heading\"><span id=\"Parfums_De_Marly_Percival\">Parfums De Marly Percival<\/span><\/h3>\n\n\n\n<p>Percival \u00e4r en av varum\u00e4rkets mest klassiska och m\u00e5ngsidiga dofter som kombinerar friska citrusnoter med aromatiska och tr\u00e4iga inslag. Denna balans g\u00f6r den perfekt f\u00f6r dagligt bruk, men samtidigt tillr\u00e4ckligt lyxig och markant f\u00f6r att l\u00e4mna ett best\u00e5ende intryck.\n<br><\/br>\nParfymen har en h\u00f6g koncentration av doftolja, vilket g\u00f6r den b\u00e5de mycket l\u00e5ngvarig och behaglig utan att k\u00e4nnas tung. Ett eller tv\u00e5 spray \u00e4r allt du beh\u00f6ver f\u00f6r att s\u00e4kerst\u00e4lla en doft som h\u00e5ller hela dagen.<\/p>\n\n\n\n<a href=\"https:\/\/www.made4men.se\/parfums-de-marly-percival-edp-75-ml\" target=\"_blank\" class=\"product-link\" style=\"display: flex; gap: 16px; align-items: center; text-decoration: none; color: inherit;\" rel=\"noopener\"> \n  <img decoding=\"async\" src=\"https:\/\/cdn.made4men.dk\/cdn-cgi\/image\/width%3D400%2Cformat%3Dauto\/public\/media\/c4\/c0\/8d\/1744106651\/103536_p.png\" alt=\"Parfums De Marly Percival EDP (75 ml)\" style=\"max-width: 170px; height: auto;\"> \n  <div> \n    <div style=\"font-weight: bold;\">Parfums De Marly Percival EDP (75 ml)\n\n\n<\/div> \n    <div style=\"background-color: #FF9000; color: white; padding: 8px 16px; display: inline-block; margin-top: 8px;\">K\u00f6p h\u00e4r<\/div> \n  <\/div> \n<\/a>\n<br>\n\n\n\n<p>Gemensamt f\u00f6r alla Parfums De Marlys parfymer \u00e4r den h\u00f6ga koncentrationen och kompromissl\u00f6sa kvaliteten. Det inneb\u00e4r att du endast beh\u00f6ver en liten m\u00e4ngd f\u00f6r att uppn\u00e5 en tydlig och l\u00e5ngvarig doft. \u00d6verdosering kan k\u00e4nnas tung och bli f\u00f6r dominerande under dagen.<\/p>\n\n\n\n<p>Vi kan d\u00e4rf\u00f6r varmt rekommendera de exklusiva och maskulina parfymerna fr\u00e5n Parfums De Marly till mannen som vill ha det allra b\u00e4sta inom nischparfymer.<\/p>\n\n\n\n<div class=\"productdisplay-green\">\n  <a href=\"https:\/\/www.made4men.se\/maerken\/parfums-de-marly\/\" target=\"_blank\" rel=\"noopener noreferrer\">\n    Se hela sortimentet av Parfums De Marly-parfymer h\u00e4r!\n  <\/a>\n<\/div>\n","protected":false},"excerpt":{"rendered":"<p>K\u00e4nner du det, att du har anv\u00e4nt otaliga sprayar av din parfym, eftersom den ska h\u00e5lla hela dagen, men doften \u00e4r redan borta till middagen? Du \u00e4r tr\u00f6tt p\u00e5 det, eftersom du vill vara v\u00e4ldoftande hela dagen. Du k\u00e4nner att du k\u00f6per en ny parfym hela tiden, eftersom din parfym snabbt tar slut. Det kan [&hellip;]<\/p>\n","protected":false},"author":14,"featured_media":10773,"comment_status":"closed","ping_status":"closed","sticky":false,"template":"","format":"standard","meta":{"footnotes":""},"categories":[166,67],"tags":[157,159,158,154,155,156],"yoast_head":"<!-- This site is optimized with the Yoast SEO plugin v20.13 - https:\/\/yoast.com\/wordpress\/plugins\/seo\/ -->\n<title>S\u00e5 h\u00e4r f\u00e5r du din parfym att h\u00e5lla hela dagen I Made4men.se<\/title>\n<meta name=\"description\" content=\"Om du har problem med att din parfym inte h\u00e5ller hela dagen, ger vi dig tips och tricks f\u00f6r att f\u00e5 l\u00e4ngre h\u00e5llbarhet p\u00e5 din favoritdoft.\" \/>\n<meta name=\"robots\" content=\"index, follow, max-snippet:-1, max-image-preview:large, max-video-preview:-1\" \/>\n<link rel=\"canonical\" href=\"https:\/\/www.made4men.se\/g\/sa-har-far-du-din-parfym-att-halla-hela-dagen.html\" \/>\n<meta property=\"og:locale\" content=\"sv_SE\" \/>\n<meta property=\"og:type\" content=\"article\" \/>\n<meta property=\"og:title\" content=\"S\u00e5 h\u00e4r f\u00e5r du din parfym att h\u00e5lla hela dagen I Made4men.se\" \/>\n<meta property=\"og:description\" content=\"Om du har problem med att din parfym inte h\u00e5ller hela dagen, ger vi dig tips och tricks f\u00f6r att f\u00e5 l\u00e4ngre h\u00e5llbarhet p\u00e5 din favoritdoft.\" \/>\n<meta property=\"og:url\" content=\"https:\/\/www.made4men.se\/g\/sa-har-far-du-din-parfym-att-halla-hela-dagen.html\" \/>\n<meta property=\"og:site_name\" content=\"Made4men.se Magazine\" \/>\n<meta property=\"article:published_time\" content=\"2023-10-09T20:27:11+00:00\" \/>\n<meta property=\"article:modified_time\" content=\"2026-02-09T14:18:22+00:00\" \/>\n<meta property=\"og:image\" content=\"https:\/\/www.made4men.se\/g\/wp-content\/uploads\/sites\/4\/2023\/10\/blog-saadan-faar-du-parfumen-til-at-holde-hele-dagen.jpg\" \/>\n\t<meta property=\"og:image:width\" content=\"1097\" \/>\n\t<meta property=\"og:image:height\" content=\"724\" \/>\n\t<meta property=\"og:image:type\" content=\"image\/jpeg\" \/>\n<meta name=\"author\" content=\"Jakob Thomsen\" \/>\n<meta name=\"twitter:card\" content=\"summary_large_image\" \/>\n<meta name=\"twitter:label1\" content=\"Skriven av\" \/>\n\t<meta name=\"twitter:data1\" content=\"Jakob Thomsen\" \/>\n\t<meta name=\"twitter:label2\" content=\"Ber\u00e4knad l\u00e4stid\" \/>\n\t<meta name=\"twitter:data2\" content=\"10 minuter\" \/>\n<script type=\"application\/ld+json\" class=\"yoast-schema-graph\">{\"@context\":\"https:\/\/schema.org\",\"@graph\":[{\"@type\":\"WebPage\",\"@id\":\"https:\/\/www.made4men.se\/g\/sa-har-far-du-din-parfym-att-halla-hela-dagen.html\",\"url\":\"https:\/\/www.made4men.se\/g\/sa-har-far-du-din-parfym-att-halla-hela-dagen.html\",\"name\":\"S\u00e5 h\u00e4r f\u00e5r du din parfym att h\u00e5lla hela dagen I Made4men.se\",\"isPartOf\":{\"@id\":\"https:\/\/www.made4men.se\/g\/#website\"},\"datePublished\":\"2023-10-09T20:27:11+00:00\",\"dateModified\":\"2026-02-09T14:18:22+00:00\",\"author\":{\"@id\":\"https:\/\/www.made4men.se\/g\/#\/schema\/person\/d0f363bdb9fb8a66adc22a7582cc0d87\"},\"description\":\"Om du har problem med att din parfym inte h\u00e5ller hela dagen, ger vi dig tips och tricks f\u00f6r att f\u00e5 l\u00e4ngre h\u00e5llbarhet p\u00e5 din favoritdoft.\",\"breadcrumb\":{\"@id\":\"https:\/\/www.made4men.se\/g\/sa-har-far-du-din-parfym-att-halla-hela-dagen.html#breadcrumb\"},\"inLanguage\":\"sv-SE\",\"potentialAction\":[{\"@type\":\"ReadAction\",\"target\":[\"https:\/\/www.made4men.se\/g\/sa-har-far-du-din-parfym-att-halla-hela-dagen.html\"]}]},{\"@type\":\"BreadcrumbList\",\"@id\":\"https:\/\/www.made4men.se\/g\/sa-har-far-du-din-parfym-att-halla-hela-dagen.html#breadcrumb\",\"itemListElement\":[{\"@type\":\"ListItem\",\"position\":1,\"name\":\"Hjem\",\"item\":\"https:\/\/www.made4men.se\/g\/\"},{\"@type\":\"ListItem\",\"position\":2,\"name\":\"S\u00e5 h\u00e4r f\u00e5r du din parfym att h\u00e5lla hela dagen\"}]},{\"@type\":\"WebSite\",\"@id\":\"https:\/\/www.made4men.se\/g\/#website\",\"url\":\"https:\/\/www.made4men.se\/g\/\",\"name\":\"Made4men.se Magazine\",\"description\":\"Tips och tricks om hur du som man, kan se b\u00e4ttre ut\",\"potentialAction\":[{\"@type\":\"SearchAction\",\"target\":{\"@type\":\"EntryPoint\",\"urlTemplate\":\"https:\/\/www.made4men.se\/g\/?s={search_term_string}\"},\"query-input\":\"required name=search_term_string\"}],\"inLanguage\":\"sv-SE\"},{\"@type\":\"Person\",\"@id\":\"https:\/\/www.made4men.se\/g\/#\/schema\/person\/d0f363bdb9fb8a66adc22a7582cc0d87\",\"name\":\"Jakob Thomsen\",\"image\":{\"@type\":\"ImageObject\",\"inLanguage\":\"sv-SE\",\"@id\":\"https:\/\/www.made4men.se\/g\/#\/schema\/person\/image\/\",\"url\":\"https:\/\/www.made4men.se\/g\/wp-content\/uploads\/sites\/4\/2019\/02\/Jakob-150x150.jpg\",\"contentUrl\":\"https:\/\/www.made4men.se\/g\/wp-content\/uploads\/sites\/4\/2019\/02\/Jakob-150x150.jpg\",\"caption\":\"Jakob Thomsen\"},\"description\":\"Mit navn er Jakob, og jeg er ansvarlig for parfume p\u00e5 Made4men. Parfume er ikke bare en duft - det kan v\u00e6re dit kendetegn, samt udtrykke hvem du er. En parfume er derfor en del af dig, og det handler om at finde de noter, der matcher din hudtype og dine behov. Min viden kommer fra en stor interesse i parfumer, og vil derfor vejlede dig mod lige den parfume, du har brug for.\",\"url\":\"https:\/\/www.made4men.se\/g\/author\/jakobthomsen\"}]}<\/script>\n<!-- \/ Yoast SEO plugin. -->","yoast_head_json":{"title":"S\u00e5 h\u00e4r f\u00e5r du din parfym att h\u00e5lla hela dagen I Made4men.se","description":"Om du har problem med att din parfym inte h\u00e5ller hela dagen, ger vi dig tips och tricks f\u00f6r att f\u00e5 l\u00e4ngre h\u00e5llbarhet p\u00e5 din favoritdoft.","robots":{"index":"index","follow":"follow","max-snippet":"max-snippet:-1","max-image-preview":"max-image-preview:large","max-video-preview":"max-video-preview:-1"},"canonical":"https:\/\/www.made4men.se\/g\/sa-har-far-du-din-parfym-att-halla-hela-dagen.html","og_locale":"sv_SE","og_type":"article","og_title":"S\u00e5 h\u00e4r f\u00e5r du din parfym att h\u00e5lla hela dagen I Made4men.se","og_description":"Om du har problem med att din parfym inte h\u00e5ller hela dagen, ger vi dig tips och tricks f\u00f6r att f\u00e5 l\u00e4ngre h\u00e5llbarhet p\u00e5 din favoritdoft.","og_url":"https:\/\/www.made4men.se\/g\/sa-har-far-du-din-parfym-att-halla-hela-dagen.html","og_site_name":"Made4men.se Magazine","article_published_time":"2023-10-09T20:27:11+00:00","article_modified_time":"2026-02-09T14:18:22+00:00","og_image":[{"width":1097,"height":724,"url":"https:\/\/www.made4men.se\/g\/wp-content\/uploads\/sites\/4\/2023\/10\/blog-saadan-faar-du-parfumen-til-at-holde-hele-dagen.jpg","type":"image\/jpeg"}],"author":"Jakob Thomsen","twitter_card":"summary_large_image","twitter_misc":{"Skriven av":"Jakob Thomsen","Ber\u00e4knad l\u00e4stid":"10 minuter"},"schema":{"@context":"https:\/\/schema.org","@graph":[{"@type":"WebPage","@id":"https:\/\/www.made4men.se\/g\/sa-har-far-du-din-parfym-att-halla-hela-dagen.html","url":"https:\/\/www.made4men.se\/g\/sa-har-far-du-din-parfym-att-halla-hela-dagen.html","name":"S\u00e5 h\u00e4r f\u00e5r du din parfym att h\u00e5lla hela dagen I Made4men.se","isPartOf":{"@id":"https:\/\/www.made4men.se\/g\/#website"},"datePublished":"2023-10-09T20:27:11+00:00","dateModified":"2026-02-09T14:18:22+00:00","author":{"@id":"https:\/\/www.made4men.se\/g\/#\/schema\/person\/d0f363bdb9fb8a66adc22a7582cc0d87"},"description":"Om du har problem med att din parfym inte h\u00e5ller hela dagen, ger vi dig tips och tricks f\u00f6r att f\u00e5 l\u00e4ngre h\u00e5llbarhet p\u00e5 din favoritdoft.","breadcrumb":{"@id":"https:\/\/www.made4men.se\/g\/sa-har-far-du-din-parfym-att-halla-hela-dagen.html#breadcrumb"},"inLanguage":"sv-SE","potentialAction":[{"@type":"ReadAction","target":["https:\/\/www.made4men.se\/g\/sa-har-far-du-din-parfym-att-halla-hela-dagen.html"]}]},{"@type":"BreadcrumbList","@id":"https:\/\/www.made4men.se\/g\/sa-har-far-du-din-parfym-att-halla-hela-dagen.html#breadcrumb","itemListElement":[{"@type":"ListItem","position":1,"name":"Hjem","item":"https:\/\/www.made4men.se\/g\/"},{"@type":"ListItem","position":2,"name":"S\u00e5 h\u00e4r f\u00e5r du din parfym att h\u00e5lla hela dagen"}]},{"@type":"WebSite","@id":"https:\/\/www.made4men.se\/g\/#website","url":"https:\/\/www.made4men.se\/g\/","name":"Made4men.se Magazine","description":"Tips och tricks om hur du som man, kan se b\u00e4ttre ut","potentialAction":[{"@type":"SearchAction","target":{"@type":"EntryPoint","urlTemplate":"https:\/\/www.made4men.se\/g\/?s={search_term_string}"},"query-input":"required name=search_term_string"}],"inLanguage":"sv-SE"},{"@type":"Person","@id":"https:\/\/www.made4men.se\/g\/#\/schema\/person\/d0f363bdb9fb8a66adc22a7582cc0d87","name":"Jakob Thomsen","image":{"@type":"ImageObject","inLanguage":"sv-SE","@id":"https:\/\/www.made4men.se\/g\/#\/schema\/person\/image\/","url":"https:\/\/www.made4men.se\/g\/wp-content\/uploads\/sites\/4\/2019\/02\/Jakob-150x150.jpg","contentUrl":"https:\/\/www.made4men.se\/g\/wp-content\/uploads\/sites\/4\/2019\/02\/Jakob-150x150.jpg","caption":"Jakob Thomsen"},"description":"Mit navn er Jakob, og jeg er ansvarlig for parfume p\u00e5 Made4men. Parfume er ikke bare en duft - det kan v\u00e6re dit kendetegn, samt udtrykke hvem du er. En parfume er derfor en del af dig, og det handler om at finde de noter, der matcher din hudtype og dine behov. Min viden kommer fra en stor interesse i parfumer, og vil derfor vejlede dig mod lige den parfume, du har brug for.","url":"https:\/\/www.made4men.se\/g\/author\/jakobthomsen"}]}},"_links":{"self":[{"href":"https:\/\/www.made4men.se\/g\/wp-json\/wp\/v2\/posts\/10772"}],"collection":[{"href":"https:\/\/www.made4men.se\/g\/wp-json\/wp\/v2\/posts"}],"about":[{"href":"https:\/\/www.made4men.se\/g\/wp-json\/wp\/v2\/types\/post"}],"author":[{"embeddable":true,"href":"https:\/\/www.made4men.se\/g\/wp-json\/wp\/v2\/users\/14"}],"replies":[{"embeddable":true,"href":"https:\/\/www.made4men.se\/g\/wp-json\/wp\/v2\/comments?post=10772"}],"version-history":[{"count":26,"href":"https:\/\/www.made4men.se\/g\/wp-json\/wp\/v2\/posts\/10772\/revisions"}],"predecessor-version":[{"id":11553,"href":"https:\/\/www.made4men.se\/g\/wp-json\/wp\/v2\/posts\/10772\/revisions\/11553"}],"wp:featuredmedia":[{"embeddable":true,"href":"https:\/\/www.made4men.se\/g\/wp-json\/wp\/v2\/media\/10773"}],"wp:attachment":[{"href":"https:\/\/www.made4men.se\/g\/wp-json\/wp\/v2\/media?parent=10772"}],"wp:term":[{"taxonomy":"category","embeddable":true,"href":"https:\/\/www.made4men.se\/g\/wp-json\/wp\/v2\/categories?post=10772"},{"taxonomy":"post_tag","embeddable":true,"href":"https:\/\/www.made4men.se\/g\/wp-json\/wp\/v2\/tags?post=10772"}],"curies":[{"name":"wp","href":"https:\/\/api.w.org\/{rel}","templated":true}]}}